{"id":2959,"date":"2021-02-08T12:21:45","date_gmt":"2021-02-08T11:21:45","guid":{"rendered":"https:\/\/gestoriadepimes.com\/?p=2959"},"modified":"2021-04-21T12:34:12","modified_gmt":"2021-04-21T10:34:12","slug":"moratoria-en-el-pago-de-cotizaciones-sociales","status":"publish","type":"post","link":"https:\/\/gestoriadepimes.com\/es\/moratoria-en-el-pago-de-cotizaciones-sociales\/","title":{"rendered":"Moratoria en el pago de cotizaciones sociales"},"content":{"rendered":"<p>Los Presupuestos Generales del Estado para 2021 incluyen, entre otras novedades laborales, la posibilidad de que empresas y trabajadores aut\u00f3nomos puedan solicitar, a trav\u00e9s del aplazamiento, una moratoria en el pago de cotizaciones sociales a la Seguridad Social.<\/p>\n<p>As\u00ed, las empresas y los trabajadores aut\u00f3nomos que se encuentren al corriente en sus obligaciones con la Seguridad Social y no tuvieran otro aplazamiento en vigor, podr\u00e1n solicitar, a trav\u00e9s del aplazamiento, una moratoria en el pago de cotizaciones sociales (las cuotas con la Seguridad Social y por conceptos de recaudaci\u00f3n conjunta), cuyo devengo tenga lugar entre los meses de diciembre de 2020 y febrero de 2021, en el caso de empresas, y entre los meses de enero a marzo de 2021 en el caso de trabajadores aut\u00f3nomos.<\/p>\n<h2>Caracter\u00edsticas de la moratoria de cotizaciones sociales mediante aplazamiento<\/h2>\n<p>Esta moratoria en el pago de cotizaciones sociales a la Seguridad Social mediante aplazamiento est\u00e1 sujeta a las siguientes caracter\u00edsticas y condicionantes:<\/p>\n<p>&#8211; Ser\u00e1 de aplicaci\u00f3n un inter\u00e9s del 0,5%.<\/p>\n<p>&#8211; El aplazamiento se conceder\u00e1 mediante una \u00fanica resoluci\u00f3n, con independencia de los meses que comprenda, se amortizar\u00e1 mediante pagos mensuales y determinar\u00e1 un plazo de amortizaci\u00f3n de 4 meses por cada mensualidad solicitada, sin que exceda en total de 12 mensualidades. El primer pago se producir\u00e1 a partir del mes siguiente al que aqu\u00e9lla se haya dictado.<\/p>\n<p>&#8211; La solicitud de este aplazamiento determinar\u00e1 que el deudor sea considerado al corriente de sus obligaciones con la Seguridad Social, respecto a las cuotas afectadas por el mismo, hasta que se dicte la correspondiente resoluci\u00f3n.<\/p>\n<p>Asimismo, las solicitudes de aplazamiento deber\u00e1n efectuarse antes del transcurso de los diez primeros d\u00edas naturales de cada uno de los plazos reglamentarios de ingreso correspondientes a las cuotas devengadas antes se\u00f1aladas.<\/p>\n<h2>Plazos de presentaci\u00f3n de las solicitudes<\/h2>\n<p>La solicitud deber\u00e1 presentarse en los siguientes plazos:<\/p>\n<h2>Entre el 1 y el 10 de enero:<\/h2>\n<p>En el caso de las empresas: se podr\u00e1 solicitar el aplazamiento de las cuotas correspondientes al per\u00edodo de liquidaci\u00f3n de diciembre 2020.<\/p>\n<p>En el caso de aut\u00f3nomos y trabajadores cuenta propia: se podr\u00e1 solicitar el aplazamiento de las cuotas correspondientes al periodo de liquidaci\u00f3n de enero 2021.<\/p>\n<p>Excepci\u00f3n: los trabajadores por cuenta propia del R\u00e9gimen Especial del Mar, cuya solicitud deber\u00e1 referirse al periodo de liquidaci\u00f3n de diciembre 2020.<\/p>\n<h2>Entre el 1 y el 10 de febrero:<\/h2>\n<p>En el caso de las empresas: se podr\u00e1 solicitar el aplazamiento de las cuotas correspondientes al per\u00edodo de liquidaci\u00f3n de enero 2021.<\/p>\n<p>En el caso de aut\u00f3nomos y trabajadores cuenta propia: se podr\u00e1 solicitar el aplazamiento de las cuotas correspondientes al periodo de liquidaci\u00f3n de febrero 2021.<\/p>\n<p>Excepci\u00f3n: los trabajadores por cuenta propia del R\u00e9gimen Especial del Mar, cuya solicitud deber\u00e1 referirse al periodo de liquidaci\u00f3n de enero 2021.<\/p>\n<h2>Entre el 1 y el 10 de marzo:<\/h2>\n<p>En el caso de las empresas: se podr\u00e1 solicitar el aplazamiento de las cuotas correspondientes al per\u00edodo de liquidaci\u00f3n de febrero 2021.<\/p>\n<p>En el caso de aut\u00f3nomos y trabajadores cuenta propia: se podr\u00e1 solicitar el aplazamiento de las cuotas correspondientes al periodo de liquidaci\u00f3n de marzo 2021.<\/p>\n<p>Excepci\u00f3n: los trabajadores por cuenta propia del R\u00e9gimen Especial del Mar, cuya solicitud deber\u00e1 referirse al periodo de liquidaci\u00f3n de febrero 2021.<\/p>\n<p>Las solicitudes de aplazamiento que se presenten con posterioridad a los plazos indicados respecto del mes corriente ser\u00e1n consideradas extempor\u00e1neas a los efectos de obtener un aplazamiento con inter\u00e9s reducido.<\/p>\n<h2>Consideraci\u00f3n de encontrarse al corriente<\/h2>\n<p>Desde el momento de la solicitud, el deudor ser\u00e1 considerado al corriente de sus obligaciones con la Seguridad Social por los meses cuyo aplazamiento se solicita, hasta que se dicte la correspondiente resoluci\u00f3n al final del periodo.<\/p>\n<h2>Plazo de amortizaci\u00f3n<\/h2>\n<p>Si procediera la concesi\u00f3n del aplazamiento, se otorgar\u00e1 un plazo de amortizaci\u00f3n de 4 meses por cada mensualidad solicitada, con un m\u00e1ximo de 12 mensualidades, a contar desde el mes siguiente al que se haya dictado la resoluci\u00f3n.<\/p>\n<p><a href=\"https:\/\/gestoriadepimes.com\/es\/contacto\/\" target=\"_blank\" rel=\"noopener\"><img loading=\"lazy\" decoding=\"async\" class=\"aligncenter wp-image-2951 size-full\" src=\"https:\/\/gestoriadepimes.com\/wp-content\/uploads\/2019\/12\/\u00bfAu\u0301n-no-sabe\u0301s-cua\u0301l-es-la-mejor-opcio\u0301n-para-ti_.jpg\" alt=\"No sabes si elegir entre sociadad civil o sociedad limitada\" width=\"800\" height=\"250\" title=\"\" srcset=\"https:\/\/gestoriadepimes.com\/wp-content\/uploads\/2019\/12\/\u00bfAu\u0301n-no-sabe\u0301s-cua\u0301l-es-la-mejor-opcio\u0301n-para-ti_.jpg 800w, https:\/\/gestoriadepimes.com\/wp-content\/uploads\/2019\/12\/\u00bfAu\u0301n-no-sabe\u0301s-cua\u0301l-es-la-mejor-opcio\u0301n-para-ti_-300x94.jpg 300w, https:\/\/gestoriadepimes.com\/wp-content\/uploads\/2019\/12\/\u00bfAu\u0301n-no-sabe\u0301s-cua\u0301l-es-la-mejor-opcio\u0301n-para-ti_-768x240.jpg 768w, https:\/\/gestoriadepimes.com\/wp-content\/uploads\/2019\/12\/\u00bfAu\u0301n-no-sabe\u0301s-cua\u0301l-es-la-mejor-opcio\u0301n-para-ti_-480x150.jpg 480w\" sizes=\"(max-width: 800px) 100vw, 800px\" \/><\/a><\/p>\n<p>&nbsp;<\/p>\n<p>&nbsp;<\/p>\n<h4>Tambi\u00e9n te puede interesar:<\/h4>\n<p>&nbsp;<\/p>\n<p>&nbsp;<\/p>\n","protected":false},"excerpt":{"rendered":"<p>Los Presupuestos Generales del Estado para 2021 incluyen, entre otras novedades laborales, la posibilidad de que empresas y trabajadores aut\u00f3nomos puedan solicitar, a trav\u00e9s del aplazamiento, una moratoria en el pago de cotizaciones sociales a la Seguridad Social. As\u00ed, las empresas y los trabajadores aut\u00f3nomos que se encuentren al corriente en sus obligaciones con la [&hellip;]<\/p>\n","protected":false},"author":4,"featured_media":2955,"comment_status":"open","ping_status":"open","sticky":false,"template":"","format":"standard","meta":{"_et_pb_use_builder":"","_et_pb_old_content":"","_et_gb_content_width":"","footnotes":""},"categories":[35],"tags":[],"class_list":["post-2959","post","type-post","status-publish","format-standard","has-post-thumbnail","hentry","category-blog-es"],"_links":{"self":[{"href":"https:\/\/gestoriadepimes.com\/es\/wp-json\/wp\/v2\/posts\/2959","targetHints":{"allow":["GET"]}}],"collection":[{"href":"https:\/\/gestoriadepimes.com\/es\/wp-json\/wp\/v2\/posts"}],"about":[{"href":"https:\/\/gestoriadepimes.com\/es\/wp-json\/wp\/v2\/types\/post"}],"author":[{"embeddable":true,"href":"https:\/\/gestoriadepimes.com\/es\/wp-json\/wp\/v2\/users\/4"}],"replies":[{"embeddable":true,"href":"https:\/\/gestoriadepimes.com\/es\/wp-json\/wp\/v2\/comments?post=2959"}],"version-history":[{"count":2,"href":"https:\/\/gestoriadepimes.com\/es\/wp-json\/wp\/v2\/posts\/2959\/revisions"}],"predecessor-version":[{"id":4220,"href":"https:\/\/gestoriadepimes.com\/es\/wp-json\/wp\/v2\/posts\/2959\/revisions\/4220"}],"wp:featuredmedia":[{"embeddable":true,"href":"https:\/\/gestoriadepimes.com\/es\/wp-json\/wp\/v2\/media\/2955"}],"wp:attachment":[{"href":"https:\/\/gestoriadepimes.com\/es\/wp-json\/wp\/v2\/media?parent=2959"}],"wp:term":[{"taxonomy":"category","embeddable":true,"href":"https:\/\/gestoriadepimes.com\/es\/wp-json\/wp\/v2\/categories?post=2959"},{"taxonomy":"post_tag","embeddable":true,"href":"https:\/\/gestoriadepimes.com\/es\/wp-json\/wp\/v2\/tags?post=2959"}],"curies":[{"name":"wp","href":"https:\/\/api.w.org\/{rel}","templated":true}]}}