{"id":2734,"date":"2020-12-23T16:18:54","date_gmt":"2020-12-23T15:18:54","guid":{"rendered":"https:\/\/gestoriadepimes.com\/?p=2734"},"modified":"2021-04-21T12:34:40","modified_gmt":"2021-04-21T10:34:40","slug":"feliz-navidad-y-prospero-ano-2021","status":"publish","type":"post","link":"https:\/\/gestoriadepimes.com\/es\/feliz-navidad-y-prospero-ano-2021\/","title":{"rendered":"\u00a1Feliz Navidad y prospero a\u00f1o 2021!"},"content":{"rendered":"\r\n<p>En estas fechas tan se\u00f1aladas, queremos hacerle llegar nuestros mejores deseos para estas Fiestas y para el pr\u00f3ximo A\u00f1o 2021. Aunque haya sido un a\u00f1o complicado, hemos permanecido juntos en la distancia afrontando los retos de esta nueva realidad. Sin ti, sin vosotros, nada de esto hubiera sido posible.<\/p>\r\n\r\n\r\n\r\n<p>Somos conscientes que no son tiempos f\u00e1ciles y que este a\u00f1o 2020 siempre ser\u00e1 recordado con tristeza y nostalgia por todo lo que hemos dejado atr\u00e1s y por todas aquellas personas que, por desgracia, ya no nos podr\u00e1n acompa\u00f1ar en nuestro camino. Nuestro recuerdo siempre estar\u00e1 con ellas.<\/p>\r\n\r\n\r\n\r\n<p>Este 2020, en el que la distancia se ha impuesto como obst\u00e1culo entre aquellas personas que m\u00e1s queremos, hemos intentado, con todas nuestras fuerzas y poniendo todos los medios posibles, estar m\u00e1s cerca que nunca de vosotros.<\/p>\r\n\r\n\r\n\r\n<p>Deseamos que todos los esfuerzos realizados, os hayan ayudado este a\u00f1o a afrontar los retos y dificultades que este 2020 nos ha puesto por el camino.\u00a0<\/p>\r\n\r\n\r\n\r\n<p>2021 se presenta con mucha incertidumbre, pero queremos comenzar el nuevo a\u00f1o con m\u00e1s ilusi\u00f3n y esperanza que nunca porque, sin duda, ser\u00e1n nuestras armas m\u00e1s fuertes para luchar contra este enemigo com\u00fan: El Covid19. En esa lucha constante para recuperar esa normalidad que nos ha sido arrebatada, s\u00f3lo pedimos seguir contando con todos vosotros, que para nosotros, es nuestro bien m\u00e1s preciado.<\/p>\r\n\r\n\r\n\r\n<p>Deseamos que disfrute de estas Fiestas en compa\u00f1\u00eda de sus seres m\u00e1s queridos y que comience el pr\u00f3ximo 2021 cargado de buenos prop\u00f3sitos, sue\u00f1os por cumplir y, por supuesto, siempre acompa\u00f1ado de nosotros.<\/p>\r\n\r\n\r\n\r\n<p><strong>\u00a1Feliz Navidad y un Pr\u00f3spero 2021 lleno de abrazos!<\/strong><\/p>\r\n<p><a href=\"https:\/\/gestoriadepimes.com\/es\/contacto\/\" target=\"_blank\" rel=\"noopener\"><img loading=\"lazy\" decoding=\"async\" class=\"aligncenter wp-image-2951 size-full\" src=\"https:\/\/gestoriadepimes.com\/wp-content\/uploads\/2019\/12\/\u00bfAu\u0301n-no-sabe\u0301s-cua\u0301l-es-la-mejor-opcio\u0301n-para-ti_.jpg\" alt=\"No sabes si elegir entre sociadad civil o sociedad limitada\" width=\"800\" height=\"250\" title=\"\" srcset=\"https:\/\/gestoriadepimes.com\/wp-content\/uploads\/2019\/12\/\u00bfAu\u0301n-no-sabe\u0301s-cua\u0301l-es-la-mejor-opcio\u0301n-para-ti_.jpg 800w, https:\/\/gestoriadepimes.com\/wp-content\/uploads\/2019\/12\/\u00bfAu\u0301n-no-sabe\u0301s-cua\u0301l-es-la-mejor-opcio\u0301n-para-ti_-300x94.jpg 300w, https:\/\/gestoriadepimes.com\/wp-content\/uploads\/2019\/12\/\u00bfAu\u0301n-no-sabe\u0301s-cua\u0301l-es-la-mejor-opcio\u0301n-para-ti_-768x240.jpg 768w, https:\/\/gestoriadepimes.com\/wp-content\/uploads\/2019\/12\/\u00bfAu\u0301n-no-sabe\u0301s-cua\u0301l-es-la-mejor-opcio\u0301n-para-ti_-480x150.jpg 480w\" sizes=\"(max-width: 800px) 100vw, 800px\" \/><\/a><\/p>\r\n<p>&nbsp;<\/p>\r\n<p>&nbsp;<\/p>\r\n<h4>Tambi\u00e9n te puede interesar:<\/h4>\r\n<p>&nbsp;<\/p>\r\n<p>&nbsp;<\/p>\r\n","protected":false},"excerpt":{"rendered":"<p>En estas fechas tan se\u00f1aladas, queremos hacerle llegar nuestros mejores deseos para estas Fiestas y para el pr\u00f3ximo A\u00f1o 2021. Aunque haya sido un a\u00f1o complicado, hemos permanecido juntos en la distancia afrontando los retos de esta nueva realidad. Sin ti, sin vosotros, nada de esto hubiera sido posible. Somos conscientes que no son tiempos [&hellip;]<\/p>\n","protected":false},"author":4,"featured_media":2735,"comment_status":"open","ping_status":"open","sticky":false,"template":"","format":"standard","meta":{"_et_pb_use_builder":"off","_et_pb_old_content":"<!-- wp:paragraph -->\r\n<p>En estas fechas tan se\u00f1aladas, queremos hacerle llegar nuestros mejores deseos para estas Fiestas y para el pr\u00f3ximo A\u00f1o 2021. Aunque haya sido un a\u00f1o complicado, hemos permanecido juntos en la distancia afrontando los retos de esta nueva realidad. Sin ti, sin vosotros, nada de esto hubiera sido posible.<\/p>\r\n<!-- \/wp:paragraph -->\r\n\r\n<!-- wp:paragraph -->\r\n<p>Somos conscientes que no son tiempos f\u00e1ciles y que este a\u00f1o 2020 siempre ser\u00e1 recordado con tristeza y nostalgia por todo lo que hemos dejado atr\u00e1s y por todas aquellas personas que, por desgracia, ya no nos podr\u00e1n acompa\u00f1ar en nuestro camino. Nuestro recuerdo siempre estar\u00e1 con ellas.<\/p>\r\n<!-- \/wp:paragraph -->\r\n\r\n<!-- wp:paragraph -->\r\n<p>Este 2020, en el que la distancia se ha impuesto como obst\u00e1culo entre aquellas personas que m\u00e1s queremos, hemos intentado, con todas nuestras fuerzas y poniendo todos los medios posibles, estar m\u00e1s cerca que nunca de vosotros.<\/p>\r\n<!-- \/wp:paragraph -->\r\n\r\n<!-- wp:paragraph -->\r\n<p>Deseamos que todos los esfuerzos realizados, os hayan ayudado este a\u00f1o a afrontar los retos y dificultades que este 2020 nos ha puesto por el camino.\u00a0<\/p>\r\n<!-- \/wp:paragraph -->\r\n\r\n<!-- wp:paragraph -->\r\n<p>2021 se presenta con mucha incertidumbre, pero queremos comenzar el nuevo a\u00f1o con m\u00e1s ilusi\u00f3n y esperanza que nunca porque, sin duda, ser\u00e1n nuestras armas m\u00e1s fuertes para luchar contra este enemigo com\u00fan: El Covid19. En esa lucha constante para recuperar esa normalidad que nos ha sido arrebatada, s\u00f3lo pedimos seguir contando con todos vosotros, que para nosotros, es nuestro bien m\u00e1s preciado.<\/p>\r\n<!-- \/wp:paragraph -->\r\n\r\n<!-- wp:paragraph -->\r\n<p>Deseamos que disfrute de estas Fiestas en compa\u00f1\u00eda de sus seres m\u00e1s queridos y que comience el pr\u00f3ximo 2021 cargado de buenos prop\u00f3sitos, sue\u00f1os por cumplir y, por supuesto, siempre acompa\u00f1ado de nosotros.<\/p>\r\n<!-- \/wp:paragraph -->\r\n\r\n<!-- wp:paragraph -->\r\n<p><strong>\u00a1Feliz Navidad y un Pr\u00f3spero 2021 lleno de abrazos!<\/strong><\/p>\r\n<!-- \/wp:paragraph -->","_et_gb_content_width":"","footnotes":""},"categories":[35],"tags":[],"class_list":["post-2734","post","type-post","status-publish","format-standard","has-post-thumbnail","hentry","category-blog-es"],"_links":{"self":[{"href":"https:\/\/gestoriadepimes.com\/es\/wp-json\/wp\/v2\/posts\/2734","targetHints":{"allow":["GET"]}}],"collection":[{"href":"https:\/\/gestoriadepimes.com\/es\/wp-json\/wp\/v2\/posts"}],"about":[{"href":"https:\/\/gestoriadepimes.com\/es\/wp-json\/wp\/v2\/types\/post"}],"author":[{"embeddable":true,"href":"https:\/\/gestoriadepimes.com\/es\/wp-json\/wp\/v2\/users\/4"}],"replies":[{"embeddable":true,"href":"https:\/\/gestoriadepimes.com\/es\/wp-json\/wp\/v2\/comments?post=2734"}],"version-history":[{"count":2,"href":"https:\/\/gestoriadepimes.com\/es\/wp-json\/wp\/v2\/posts\/2734\/revisions"}],"predecessor-version":[{"id":4222,"href":"https:\/\/gestoriadepimes.com\/es\/wp-json\/wp\/v2\/posts\/2734\/revisions\/4222"}],"wp:featuredmedia":[{"embeddable":true,"href":"https:\/\/gestoriadepimes.com\/es\/wp-json\/wp\/v2\/media\/2735"}],"wp:attachment":[{"href":"https:\/\/gestoriadepimes.com\/es\/wp-json\/wp\/v2\/media?parent=2734"}],"wp:term":[{"taxonomy":"category","embeddable":true,"href":"https:\/\/gestoriadepimes.com\/es\/wp-json\/wp\/v2\/categories?post=2734"},{"taxonomy":"post_tag","embeddable":true,"href":"https:\/\/gestoriadepimes.com\/es\/wp-json\/wp\/v2\/tags?post=2734"}],"curies":[{"name":"wp","href":"https:\/\/api.w.org\/{rel}","templated":true}]}}